{"id":437,"date":"2012-04-25T20:01:01","date_gmt":"2012-04-25T20:01:01","guid":{"rendered":"http:\/\/blog.anneschuessler.com\/?p=437"},"modified":"2015-05-22T09:16:31","modified_gmt":"2015-05-22T09:16:31","slug":"groses-raclettegelage-im-petite-raclette-in-essen-werden","status":"publish","type":"post","link":"https:\/\/blog.anneschuessler.com\/?p=437","title":{"rendered":"Grosses Raclettegelage im Petite Raclette in Essen-Werden"},"content":{"rendered":"<p><strong>Das Petite Raclette hei\u00dft jetzt Komma Essen. Es gibt aber immer noch Raclette.<\/strong><\/p>\n<p><img decoding=\"async\" src=\"https:\/\/blog.anneschuessler.com\/wp-content\/uploads\/2012\/04\/DSC_0750_small.jpg\" alt=\"Schild\" border=\"0\" \/><\/p>\n<p>Wir waren jetzt endlich im <a href=\"http:\/\/www.petiteraclette.de\/\">Petite Raclette<\/a>, wo wir schon mal so nett <a href=\"https:\/\/blog.anneschuessler.com\/?p=249\">Desserts verspeist<\/a> hatten, diesmal aber zu viert und zum richtigen Raclette-Essen. Am Telefon sagte man mir schon, dass es eventuell kein Raclette mit Grill, sondern lediglich eines mit Kerzen geben w\u00fcrde, zu dem man dann auch kein Fleisch kriegen k\u00f6nnte. Das war uns aber egal, wir wollten das trotzdem probieren, und machten an einem verregneten Abend einen kleinen Ausflug nach Essen-Werden.<\/p>\n<p><img decoding=\"async\" src=\"https:\/\/blog.anneschuessler.com\/wp-content\/uploads\/2012\/04\/DSC_0755_small.jpg\" alt=\"Draussen\" border=\"0\" \/><\/p>\n<p><img decoding=\"async\" src=\"https:\/\/blog.anneschuessler.com\/wp-content\/uploads\/2012\/04\/DSC_0756_small.jpg\" alt=\"Tafel\" border=\"0\" \/><\/p>\n<p>Das Petite Raclette befindet sich in einem h\u00fcbschen kleinen G\u00e4sschen in der Altstadt von Werden. Drau\u00dfen begr\u00fc\u00dfen uns Blumen und die handgeschriebenen Tafeln, drinnen erwartet uns ein sch\u00f6ner uriger Holztisch mit einem franz\u00f6sisch angehauchten Reservierungsschild. Die Bestellung\u00a0ist eine mittelschwere Geburt, wir bestellen quer die Raclettebeilagen durch, verwirren dabei nicht nur uns ein bisschen, sondern auch den Service, der daraufhin wieder uns ein bisschen verwirrt. Letztlich klappt aber alles. Es gibt auch noch Grillraclette, nur kein Rinderfilet mehr, die letzte Portion ist an den Nebentisch gegangen.<\/p>\n<p><img decoding=\"async\" src=\"https:\/\/blog.anneschuessler.com\/wp-content\/uploads\/2012\/04\/DSC_0760_small.jpg\" alt=\"Reserviert\" border=\"0\" \/><\/p>\n<p>Wir kriegen den Aperitif (f\u00fcr mich den unten abgebildeten Kir) und auch direkt eine Flasche Wei\u00dfwein. Dann kommt auch die Chefin (vermute ich jedenfalls)\u00a0an unseren Tisch und sagt uns, dass sie jetzt doch noch schnell ein bisschen Rinderfilet gekauft h\u00e4tte, wenn wir also was haben wollten, ginge das doch. Klar wollen wir und bestellen gleich zwei Portionen.\u00a0Wir freuen uns \u00fcber diese gl\u00fcckliche Wendung,\u00a0dann sto\u00dfen wir an und warten auf das Raclettegelage.<\/p>\n<p><img decoding=\"async\" src=\"https:\/\/blog.anneschuessler.com\/wp-content\/uploads\/2012\/04\/DSC_0771_small.jpg\" alt=\"Kir\" border=\"0\" \/><\/p>\n<p><img decoding=\"async\" src=\"https:\/\/blog.anneschuessler.com\/wp-content\/uploads\/2012\/04\/DSC_0768_small.jpg\" alt=\"Wein\" border=\"0\" \/><\/p>\n<p>Los geht&#8217;s: Das Raclette wird an den Tisch gebracht, eingesteckt und eingeschaltet. Dazu bekommen wir jeder einen Teller, Raclettepf\u00e4nnchen und Holzschaber. Au\u00dferdem Brot mit Butter, Kartoffeln und Raclettek\u00e4se. Die Spannung steigt.<\/p>\n<p><a href=\"https:\/\/blog.anneschuessler.com\/wp-content\/uploads\/2012\/04\/DSC_0776.jpg\"><img decoding=\"async\" src=\"https:\/\/blog.anneschuessler.com\/wp-content\/uploads\/2012\/04\/DSC_0776_small.jpg\" alt=\"DSC_0776\" border=\"0\" \/><\/a><\/p>\n<p><img decoding=\"async\" src=\"https:\/\/blog.anneschuessler.com\/wp-content\/uploads\/2012\/04\/DSC_0780_small.jpg\" alt=\"Zubeh\u00f6r\" border=\"0\" \/><\/p>\n<p>Dann wird richtig aufgefahren. Auf unserem Tisch landet schlie\u00dflich folgendes (wenn ich nicht noch was vergessen habe):<\/p>\n<ul>\n<li>H\u00fchnchenfiletstreifen<\/li>\n<li>Rinderfiletstreifen<\/li>\n<li>Flusskrebse<\/li>\n<li>Tr\u00fcffelsalami<\/li>\n<li>halbgetrocknete Tomaten<\/li>\n<li>Feigen und Feigensenf<\/li>\n<li>zwei Sorten Chutney<\/li>\n<\/ul>\n<p>Dann ist der Tisch auch richtig voll und wir k\u00f6nnen damit anfangen, das Fleisch auf den Grill zu schmei\u00dfen und unsere Pf\u00e4nnchen kreativ zu f\u00fcllen und das machen wir auch und die folgenden gef\u00fchlt f\u00fcnfzig Bilder geben hoffentlich einen ganz guten Eindruck von unserem kleinen Gelage.<\/p>\n<p><img decoding=\"async\" src=\"https:\/\/blog.anneschuessler.com\/wp-content\/uploads\/2012\/04\/DSC_0782_small.jpg\" alt=\"Fleisch\" border=\"0\" \/><\/p>\n<p><img decoding=\"async\" src=\"https:\/\/blog.anneschuessler.com\/wp-content\/uploads\/2012\/04\/DSC_0786_small.jpg\" alt=\"Salami\" border=\"0\" \/><\/p>\n<p><img decoding=\"async\" src=\"https:\/\/blog.anneschuessler.com\/wp-content\/uploads\/2012\/04\/DSC_0791_small.jpg\" alt=\"Rind\" border=\"0\" \/><\/p>\n<p><img decoding=\"async\" src=\"https:\/\/blog.anneschuessler.com\/wp-content\/uploads\/2012\/04\/DSC_0792_small.jpg\" alt=\"Chutney\" border=\"0\" \/><\/p>\n<p><img decoding=\"async\" src=\"https:\/\/blog.anneschuessler.com\/wp-content\/uploads\/2012\/04\/DSC_0797_small.jpg\" alt=\"Kartoffel\" border=\"0\" \/><\/p>\n<p><img decoding=\"async\" src=\"https:\/\/blog.anneschuessler.com\/wp-content\/uploads\/2012\/04\/DSC_0800_small.jpg\" alt=\"Raclette\" border=\"0\" \/><\/p>\n<p><img decoding=\"async\" src=\"https:\/\/blog.anneschuessler.com\/wp-content\/uploads\/2012\/04\/DSC_0802_small.jpg\" alt=\"Kreativk\u00fcche\" border=\"0\" \/><\/p>\n<p><img decoding=\"async\" src=\"https:\/\/blog.anneschuessler.com\/wp-content\/uploads\/2012\/04\/DSC_0805_small.jpg\" alt=\"Mehr Kreativk\u00fcche\" border=\"0\" \/><\/p>\n<p><img decoding=\"async\" src=\"https:\/\/blog.anneschuessler.com\/wp-content\/uploads\/2012\/04\/DSC_0807_small.jpg\" alt=\"Brot\" border=\"0\" \/><\/p>\n<p>Irgendwann ist alles aufgefuttert, die letzten Brotscheiben werden noch ger\u00f6stet. Was am Anfang noch so wenig aussah, hat vollkommen gereicht, nur Brot und Kartoffeln lassen wir noch einmal bringen. Da man beim Raclette ja die H\u00e4lfte der Zeit mit Warten besch\u00e4ftigt ist, l\u00e4uft man eben nicht so Gefahr, sich erstmal den Bauch voll zu hauen, bevor man merkt, dass man schon l\u00e4ngst satt ist.<\/p>\n<p><img decoding=\"async\" src=\"https:\/\/blog.anneschuessler.com\/wp-content\/uploads\/2012\/04\/DSC_0767_small.jpg\" alt=\"Tafel\" border=\"0\" \/><\/p>\n<p>Nur Platz f\u00fcr Dessert ist nat\u00fcrlich noch. Wir bestellen einmal die angebotenen Desserts durch, Souffl\u00e9 von wei\u00dfer Schokolade mit Himbeersauce, Apfeltarte, Schokoladenkuchen und Zitronen-Mandel-Kuchen. Alles sieht schon lecker aus, und jeder probiert mal bei jedem, das Souffl\u00e9 ist (wie angek\u00fcndigt) sehr s\u00fc\u00df, aber auch sehr lecker, der Schokoladenkuchen herrlich schokoladig, der Apfelkuchen ist ebenfalls sehr lecker, und meine Zitronen-Mandel-Tarte sowieso. Diesmal mag ich tats\u00e4chlich meine Wahl am liebsten, wobei auch wirklich alles lecker ist und \u2013\u00a0wie unten gezeigt \u2013\u00a0auch sehr gut aussieht.<\/p>\n<p><img decoding=\"async\" src=\"https:\/\/blog.anneschuessler.com\/wp-content\/uploads\/2012\/04\/DSC_0831_small.jpg\" alt=\"Souffle\" border=\"0\" \/><\/p>\n<p><img decoding=\"async\" src=\"https:\/\/blog.anneschuessler.com\/wp-content\/uploads\/2012\/04\/DSC_0828_small.jpg\" alt=\"Schokotorte\" border=\"0\" \/><\/p>\n<p><img decoding=\"async\" src=\"https:\/\/blog.anneschuessler.com\/wp-content\/uploads\/2012\/04\/DSC_0825_small.jpg\" alt=\"Apfeltarte\" border=\"0\" \/><\/p>\n<p><img decoding=\"async\" src=\"https:\/\/blog.anneschuessler.com\/wp-content\/uploads\/2012\/04\/DSC_0823_small.jpg\" alt=\"Zitronen-Mandel-Tarte\" border=\"0\" \/><\/p>\n<p>Danach sind wir richtig gut satt gegessen und gl\u00fccklich. Bei der Verabschiedung frage ich noch mal nach und\u00a0man erkl\u00e4rt uns, dass Raclette im Sommer nicht so gut l\u00e4uft und sie deswegen in dieser Zeit nur das kleine Kerzen-Raclette anbieten, das eben leider nicht hei\u00df genug wird, um Fleisch zu garen, aber f\u00fcr K\u00e4se und die restlichen Beilagen durchaus ausreicht. Also, Raclette gibt&#8217;s immer, im Sommer aber nicht das Komplettprogramm. Ansonsten kann man aber noch Flammkuchen, Salate, Baguettes und andere franz\u00f6sische Leckereien schlemmen.<\/p>\n<p>Sehr netter Service, generell sehr nette Bek\u00fcmmerung, der franz\u00f6sische Flair wird\u00a0hier gut durchgezogen, sehr sympathisch das alles.\u00a0Und wir? Wir tapern satt und gl\u00fccklich zur\u00fcck zum Bahnhof und machen uns auf den Weg nach Hause.<\/p>\n<p><img decoding=\"async\" src=\"https:\/\/blog.anneschuessler.com\/wp-content\/uploads\/2012\/04\/DSC_0817_small.jpg\" alt=\"Petite Raclette\" border=\"0\" \/><\/p>\n<p>petite raclette<br \/>\nHufergasse 7 &#8211; 9<br \/>\n45239 Essen-Werden<br \/>\nTelefon: 0201\/50 78 42 65<\/p>\n<p><a href=\"http:\/\/www.petiteraclette.de\/\">http:\/\/www.petiteraclette.de\/<\/a><\/p>\n<p>\u00d6ffnungszeiten: Di &#8211; So: 11 &#8211; 23 Uhr, Mi: 17 &#8211; 23 Uhr<\/p>\n","protected":false},"excerpt":{"rendered":"<p>Das Petite Raclette hei\u00dft jetzt Komma Essen. Es gibt aber immer noch Raclette. Wir waren jetzt endlich im Petite Raclette, wo wir schon mal so nett Desserts verspeist hatten, diesmal aber zu viert und zum richtigen Raclette-Essen. Am Telefon sagte man mir schon, dass es eventuell kein Raclette mit Grill, sondern lediglich eines mit Kerzen &hellip; <a href=\"https:\/\/blog.anneschuessler.com\/?p=437\" class=\"more-link\"><span class=\"screen-reader-text\">Grosses Raclettegelage im Petite Raclette in Essen-Werden<\/span> weiterlesen<\/a><\/p>\n","protected":false},"author":1,"featured_media":0,"comment_status":"open","ping_status":"open","sticky":false,"template":"","format":"standard","meta":{"footnotes":""},"categories":[28,12,7],"tags":[],"class_list":["post-437","post","type-post","status-publish","format-standard","hentry","category-franzosisch","category-restaurants","category-ruhrgebiet"],"_links":{"self":[{"href":"https:\/\/blog.anneschuessler.com\/index.php?rest_route=\/wp\/v2\/posts\/437","targetHints":{"allow":["GET"]}}],"collection":[{"href":"https:\/\/blog.anneschuessler.com\/index.php?rest_route=\/wp\/v2\/posts"}],"about":[{"href":"https:\/\/blog.anneschuessler.com\/index.php?rest_route=\/wp\/v2\/types\/post"}],"author":[{"embeddable":true,"href":"https:\/\/blog.anneschuessler.com\/index.php?rest_route=\/wp\/v2\/users\/1"}],"replies":[{"embeddable":true,"href":"https:\/\/blog.anneschuessler.com\/index.php?rest_route=%2Fwp%2Fv2%2Fcomments&post=437"}],"version-history":[{"count":6,"href":"https:\/\/blog.anneschuessler.com\/index.php?rest_route=\/wp\/v2\/posts\/437\/revisions"}],"predecessor-version":[{"id":1173,"href":"https:\/\/blog.anneschuessler.com\/index.php?rest_route=\/wp\/v2\/posts\/437\/revisions\/1173"}],"wp:attachment":[{"href":"https:\/\/blog.anneschuessler.com\/index.php?rest_route=%2Fwp%2Fv2%2Fmedia&parent=437"}],"wp:term":[{"taxonomy":"category","embeddable":true,"href":"https:\/\/blog.anneschuessler.com\/index.php?rest_route=%2Fwp%2Fv2%2Fcategories&post=437"},{"taxonomy":"post_tag","embeddable":true,"href":"https:\/\/blog.anneschuessler.com\/index.php?rest_route=%2Fwp%2Fv2%2Ftags&post=437"}],"curies":[{"name":"wp","href":"https:\/\/api.w.org\/{rel}","templated":true}]}}