{"id":394,"date":"2012-04-19T17:28:43","date_gmt":"2012-04-19T17:28:43","guid":{"rendered":"http:\/\/blog.anneschuessler.com\/?p=394"},"modified":"2012-04-19T17:28:48","modified_gmt":"2012-04-19T17:28:48","slug":"hochzeitstortenchallenge-torte-2-schwedische-mandeltorte","status":"publish","type":"post","link":"https:\/\/blog.anneschuessler.com\/?p=394","title":{"rendered":"Hochzeitstortenchallenge Torte 2: Schwedische Mandeltorte"},"content":{"rendered":"<p><img decoding=\"async\" border=\"0\" alt=\"Mandeltorte\" src=\"https:\/\/blog.anneschuessler.com\/wp-content\/uploads\/2012\/04\/DSC_0744_small.jpg\" \/><\/p>\n<p>Zugegebenerma\u00dfen war das zweite Tortenexperiment ein bisschen geschummelt. Aber ich liebe die von IKEA und aus dem Gefrierschrank allseits bekannte Schwedische Mandeltorte so sehr, dass ich nicht lange warten konnte, um selber eine zu backen. In der aktuellen Ausgabe der Lecker (Mai 2012)&nbsp;war n\u00e4mlich ein Rezept von <a href=\"http:\/\/zuckerzimtundliebe.wordpress.com\/\">Jeanny von Zucker, Zimt &amp; Liebe<\/a> f\u00fcr eben solch eine. Und immerhin, es hei\u00dft ja Schwedische MandelTORTE, also z\u00e4hlt es irgendwie. Keine Backerfahrung ist umsonst.<\/p>\n<p><img decoding=\"async\" border=\"0\" alt=\"Lecker\" src=\"https:\/\/blog.anneschuessler.com\/wp-content\/uploads\/2012\/04\/DSC_0715_small.jpg\" \/><\/p>\n<p>Der Teig ist im Prinzip so eine Art gestrecktes Baiser, und besteht lediglich aus Eischnee, Zucker und gemahlenen Mandeln. Wenn man alles richtig macht wird er sch\u00f6n leicht und ein bisschen fluffig. In meinem Fall wollte der zweite Boden, also der f\u00fcr obendrauf, nicht ganz so, wie ich wollte und riss beim&nbsp;Draufhieven an einer Stelle auseinander (unten abgebildet). PANIK! BACKPANIK! Gott sei Dank konnte man den Riss, der in meinen pers\u00f6nlichen perfektionsorientierten Tortenb\u00e4ckeraugen aber mindestens mit der San-Andreas-Spalte vergleichbar war, mit der Buttercreme sch\u00f6n verdecken und nachher hat keiner was gemerkt, noch nicht mal ich.<\/p>\n<p><img decoding=\"async\" border=\"0\" alt=\"PANIK!\" src=\"https:\/\/blog.anneschuessler.com\/wp-content\/uploads\/2012\/04\/DSC_0730_small1.jpg\" \/><\/p>\n<p>\u00dcberhaupt die Buttercreme. Die besteht aus Sahne, Zucker, einer Menge Eigelb und Butter. Die Butter muss man sch\u00f6n lange mit dem Handr\u00fchrer schaumig schlagen. Und mit sch\u00f6n lange meine ich sehr, sehr lange. Unglaublich lange. Bis einem&nbsp;der Arm weh tut. Dann ist sie aber auch wirklich sch\u00f6n schaumig. In der Buttercreme sind also gesch\u00e4tzt alle Kalorien vonne Welt. Deswegen schmeckt sie ja so&nbsp;unglaublich gut,&nbsp;man wei\u00df ja, vun nix k\u00fctt nix.<\/p>\n<p><img decoding=\"async\" border=\"0\" alt=\"Eier\" src=\"https:\/\/blog.anneschuessler.com\/wp-content\/uploads\/2012\/04\/DSC_0714_small.jpg\" \/><\/p>\n<p><img decoding=\"async\" border=\"0\" alt=\"Eigelb\" src=\"https:\/\/blog.anneschuessler.com\/wp-content\/uploads\/2012\/04\/DSC_0720_small.jpg\" \/><\/p>\n<p><img decoding=\"async\" border=\"0\" alt=\"Creme\" src=\"https:\/\/blog.anneschuessler.com\/wp-content\/uploads\/2012\/04\/DSC_0727_small.jpg\" \/><\/p>\n<p>Das gr\u00f6\u00dfte Problem hatte ich eigentlich dabei, die Creme auf dem Tortenrand ordentlich und ausreichend zu verstreichen. Daf\u00fcr braucht&#8217;s Geduld und die richtige Taktik, die ich aber&nbsp;erst noch finden muss. Jedenfalls hoffe ich, dass es eine richtige Taktik gibt. Es kann nicht sein, dass andere Leute sich dabei genauso dumm anstellen wie ich.<\/p>\n<p><img decoding=\"async\" border=\"0\" alt=\"Torte\" src=\"https:\/\/blog.anneschuessler.com\/wp-content\/uploads\/2012\/04\/DSC_0735_small.jpg\" \/><\/p>\n<p>Insgesamt also ein supereinfaches Rezept mit erstaunlich wenig Zutaten und mit Begeisterungsgarantie. Ob es als Hochzeitstorte taugt, na ja, ich wei\u00df nicht. Die Torte ist recht flach und jetzt optisch so mittelspektakul\u00e4r. Allerdings k\u00f6nnte man sie nat\u00fcrlich doppelt so hoch bauen und dann statt mit Mandelbl\u00e4ttchen mit gezuckerten Beeren und essbaren Bl\u00fcten verzieren, das k\u00f6nnte ich mir durchaus vorstellen. Schmecken tut sie auf jeden Fall unglaublich gut. Selbst der Mann, der von sich selber behauptet, nicht so der Kuchenliebhaber zu sein, war sehr angetan.<\/p>\n<p><img decoding=\"async\" border=\"0\" alt=\"St\u00fcck\" src=\"https:\/\/blog.anneschuessler.com\/wp-content\/uploads\/2012\/04\/DSC_0745_small.jpg\" \/><\/p>\n<blockquote>\n<p><strong>Schwedische Mandeltorte<\/strong><\/p>\n<p>8 Eier<br \/>400 g Zucker<br \/>200 g Schlagsahne<br \/>150 g weiche Butter<br \/>200 g gemahlene Mandeln (mit Haut)<br \/>75 g Mandelbl\u00e4ttchen<\/p>\n<p>(Ich hab beim Eischnee-Schlagen immer noch eine Prise Salz zum Eiwei\u00df gegeben. Warum, wei\u00df ich auch nicht so genau, ich dachte, das sollte so.)<\/p>\n<p>1. Backofen auf 175&deg;C vorheizen. Eine (wer hat, auch zwei davon) Springform mit Backpapier auslegen. Die Eier trennen, dabei jeweils 4 Eiwei\u00df in getrennte Sch\u00fcsseln geben und kalt stellen.<\/p>\n<p>2. Sahne mit 200 g Zucker erhitzen und aufkochen, dann vom Herd nehmen. 1\/3 der Sahne mit dem Eigelb schnell und kr\u00e4ftig&nbsp;mit einem Schneebesen aufschlagen, dann mit der restlichen Sahne mischen. Auf dem Herd noch mal ungef\u00e4hr 5 Minuten erhitzen (nicht kochen lassen!), bis die Mischung eine dickcremige Konsistenz erh\u00e4lt.<\/p>\n<p>3. Die Creme sofort direkt auf der Oberfl\u00e4che mit Frischhaltefolie abdecken und kalt stellen.<\/p>\n<p>4. Eine Portion Eiwei\u00df steif schlagen, dabei 100 g Zucker einrieseln lassen. Wenn der Eischnee sch\u00f6n steif geschlagen ist,&nbsp;100 g Mandeln unterheben. Die Eiwei\u00df-Mandel-Mischung in die Springform geben und glatt verstreichen. Dann f\u00fcr&nbsp;15 bis 20 Minuten in den Ofen damit.<\/p>\n<p>5. Den fertig gebackenen Boden aus dem Ofen nehmen, mit einem Messer vom Rand l\u00f6sen, aus der Form nehmen und ausk\u00fchlen lassen. Damit h\u00e4tten wir dann schon mal den ersten Boden und den zweiten&nbsp;machen und backen&nbsp;wir genauso.<\/p>\n<p>6. Butter sehr, sehr lange (8 bis 10 Minuten, gef\u00fchlt eher so eine halbe Stunde) mit dem Handr\u00fchrger\u00e4t cremig schlagen. Die Eigelb-Sahne-Mischung essl\u00f6ffelweise darunterschlagen.<\/p>\n<p>7. Mandelbl\u00e4ttchen in einer Pfanne ohne Fett goldbraun anr\u00f6sten. Vorsichtig, die werden schnell schwarz, also immer gut aufpassen. Etwa 1\/3 der&nbsp;Buttercreme auf dem ersten Boden gut verstreichen. Den zweiten Boden draufsetzen und&nbsp;die Torte&nbsp;mit dem Rest der Creme bestreichen. Mandelbl\u00e4ttchen auf der Torte verstreuen. Die Torte zum Festwerden in den&nbsp;kalt&nbsp;stellen.<\/p>\n<p>8. Nach ausreichend Festwerdzeit aus dem K\u00fchlschrank befreien, in St\u00fccke schneiden, genie\u00dfen. Lecker.<\/p>\n<\/blockquote>\n<p><img decoding=\"async\" border=\"0\" alt=\"Mandelbl\u00e4ttchen\" src=\"https:\/\/blog.anneschuessler.com\/wp-content\/uploads\/2012\/04\/DSC_0724_small.jpg\" \/><\/p>\n","protected":false},"excerpt":{"rendered":"<p>Zugegebenerma\u00dfen war das zweite Tortenexperiment ein bisschen geschummelt. Aber ich liebe die von IKEA und aus dem Gefrierschrank allseits bekannte Schwedische Mandeltorte so sehr, dass ich nicht lange warten konnte, um selber eine zu backen. In der aktuellen Ausgabe der Lecker (Mai 2012)&nbsp;war n\u00e4mlich ein Rezept von Jeanny von Zucker, Zimt &amp; Liebe f\u00fcr eben &hellip; <a href=\"https:\/\/blog.anneschuessler.com\/?p=394\" class=\"more-link\"><span class=\"screen-reader-text\">Hochzeitstortenchallenge Torte 2: Schwedische Mandeltorte<\/span> weiterlesen<\/a><\/p>\n","protected":false},"author":1,"featured_media":0,"comment_status":"open","ping_status":"open","sticky":false,"template":"","format":"standard","meta":{"footnotes":""},"categories":[14,5,32],"tags":[],"class_list":["post-394","post","type-post","status-publish","format-standard","hentry","category-backen","category-dessert","category-hochzeitstortenchallenge"],"_links":{"self":[{"href":"https:\/\/blog.anneschuessler.com\/index.php?rest_route=\/wp\/v2\/posts\/394","targetHints":{"allow":["GET"]}}],"collection":[{"href":"https:\/\/blog.anneschuessler.com\/index.php?rest_route=\/wp\/v2\/posts"}],"about":[{"href":"https:\/\/blog.anneschuessler.com\/index.php?rest_route=\/wp\/v2\/types\/post"}],"author":[{"embeddable":true,"href":"https:\/\/blog.anneschuessler.com\/index.php?rest_route=\/wp\/v2\/users\/1"}],"replies":[{"embeddable":true,"href":"https:\/\/blog.anneschuessler.com\/index.php?rest_route=%2Fwp%2Fv2%2Fcomments&post=394"}],"version-history":[{"count":3,"href":"https:\/\/blog.anneschuessler.com\/index.php?rest_route=\/wp\/v2\/posts\/394\/revisions"}],"predecessor-version":[{"id":709,"href":"https:\/\/blog.anneschuessler.com\/index.php?rest_route=\/wp\/v2\/posts\/394\/revisions\/709"}],"wp:attachment":[{"href":"https:\/\/blog.anneschuessler.com\/index.php?rest_route=%2Fwp%2Fv2%2Fmedia&parent=394"}],"wp:term":[{"taxonomy":"category","embeddable":true,"href":"https:\/\/blog.anneschuessler.com\/index.php?rest_route=%2Fwp%2Fv2%2Fcategories&post=394"},{"taxonomy":"post_tag","embeddable":true,"href":"https:\/\/blog.anneschuessler.com\/index.php?rest_route=%2Fwp%2Fv2%2Ftags&post=394"}],"curies":[{"name":"wp","href":"https:\/\/api.w.org\/{rel}","templated":true}]}}